{"id":1926,"date":"2025-09-02T23:59:30","date_gmt":"2025-09-03T02:59:30","guid":{"rendered":"https:\/\/fm98punto7.com.ar\/wp\/?p=1926"},"modified":"2025-09-03T00:02:36","modified_gmt":"2025-09-03T03:02:36","slug":"1926","status":"publish","type":"post","link":"https:\/\/fm98punto7.com.ar\/wp\/2025\/09\/02\/1926\/","title":{"rendered":"Entrevistas de campa\u00f1a: Carolina Ardaits, candidata a Consejera escolar en primer lugar de Fuerza patria."},"content":{"rendered":"<p>Hoy, en el Ciclo de entrevistas de campa\u00f1a, \u201cMano a mano\u201d, nos visita Carolina Ardaits, candidata a consejera escolar en primer lugar por Fuerza patria&#8230;<br \/>\n<img loading=\"lazy\" decoding=\"async\" class=\" wp-image-1927 alignleft\" src=\"https:\/\/fm98punto7.com.ar\/wp\/wp-content\/uploads\/2025\/09\/Carolina-Ardaits-web-300x197.jpg\" alt=\"\" width=\"209\" height=\"137\" srcset=\"https:\/\/fm98punto7.com.ar\/wp\/wp-content\/uploads\/2025\/09\/Carolina-Ardaits-web-300x197.jpg 300w, https:\/\/fm98punto7.com.ar\/wp\/wp-content\/uploads\/2025\/09\/Carolina-Ardaits-web-1024x673.jpg 1024w, https:\/\/fm98punto7.com.ar\/wp\/wp-content\/uploads\/2025\/09\/Carolina-Ardaits-web-768x504.jpg 768w, https:\/\/fm98punto7.com.ar\/wp\/wp-content\/uploads\/2025\/09\/Carolina-Ardaits-web.jpg 1501w\" sizes=\"auto, (max-width: 209px) 100vw, 209px\" \/>Desde hace ya muchos a\u00f1os, este ciclo se ha convertido en un cl\u00e1sico de los lunes y de los mi\u00e9rcoles a las seis de la tarde. Entendemos que si bien es cierto, todos vivimos en la misma realidad, no todos la percibimos de la misma manera. Por esa raz\u00f3n todos tenemos algo para decir, algo para contar, algo para compartir con el resto de la comunidad.<br \/>\nCon ella compartimos la charla y el mate en Fm 98.7, y ac\u00e1 les dejamos la nota completa\u2026<\/p>\n<audio class=\"wp-audio-shortcode\" id=\"audio-1926-1\" preload=\"none\" style=\"width: 100%;\" controls=\"controls\"><source type=\"audio\/mpeg\" src=\"https:\/\/fm98punto7.com.ar\/wp\/wp-content\/uploads\/2025\/09\/Mano-a-mano-con-Carolina-Ardaits.mp3?_=1\" \/><a href=\"https:\/\/fm98punto7.com.ar\/wp\/wp-content\/uploads\/2025\/09\/Mano-a-mano-con-Carolina-Ardaits.mp3\">https:\/\/fm98punto7.com.ar\/wp\/wp-content\/uploads\/2025\/09\/Mano-a-mano-con-Carolina-Ardaits.mp3<\/a><\/audio>\n<p>El ciclo de entrevistas Mano a mano va lunes y miercoles a las 18 horas. Fm 98.7 \u201cUn nuevo concepto en radio\u201d<br \/>\nEscuchanos en vivo por www.fm98punto7.com.ar<\/p>\n","protected":false},"excerpt":{"rendered":"<p>Hoy, en el Ciclo de entrevistas de campa\u00f1a, \u201cMano a mano\u201d, nos visita Carolina Ardaits,&hellip;<\/p>\n","protected":false},"author":2,"featured_media":1927,"comment_status":"closed","ping_status":"closed","sticky":false,"template":"","format":"standard","meta":{"_uag_custom_page_level_css":"","footnotes":""},"categories":[17],"tags":[],"class_list":["post-1926","post","type-post","status-publish","format-standard","has-post-thumbnail","hentry","category-estopasa"],"uagb_featured_image_src":{"full":["https:\/\/fm98punto7.com.ar\/wp\/wp-content\/uploads\/2025\/09\/Carolina-Ardaits-web.jpg",1501,986,false],"thumbnail":["https:\/\/fm98punto7.com.ar\/wp\/wp-content\/uploads\/2025\/09\/Carolina-Ardaits-web-150x150.jpg",150,150,true],"medium":["https:\/\/fm98punto7.com.ar\/wp\/wp-content\/uploads\/2025\/09\/Carolina-Ardaits-web-300x197.jpg",300,197,true],"medium_large":["https:\/\/fm98punto7.com.ar\/wp\/wp-content\/uploads\/2025\/09\/Carolina-Ardaits-web-768x504.jpg",640,420,true],"large":["https:\/\/fm98punto7.com.ar\/wp\/wp-content\/uploads\/2025\/09\/Carolina-Ardaits-web-1024x673.jpg",640,421,true],"1536x1536":["https:\/\/fm98punto7.com.ar\/wp\/wp-content\/uploads\/2025\/09\/Carolina-Ardaits-web.jpg",1501,986,false],"2048x2048":["https:\/\/fm98punto7.com.ar\/wp\/wp-content\/uploads\/2025\/09\/Carolina-Ardaits-web.jpg",1501,986,false]},"uagb_author_info":{"display_name":"Federico Maldonado","author_link":"https:\/\/fm98punto7.com.ar\/wp\/author\/fede\/"},"uagb_comment_info":0,"uagb_excerpt":"Hoy, en el Ciclo de entrevistas de campa\u00f1a, \u201cMano a mano\u201d, nos visita Carolina Ardaits,&hellip;","_links":{"self":[{"href":"https:\/\/fm98punto7.com.ar\/wp\/wp-json\/wp\/v2\/posts\/1926","targetHints":{"allow":["GET"]}}],"collection":[{"href":"https:\/\/fm98punto7.com.ar\/wp\/wp-json\/wp\/v2\/posts"}],"about":[{"href":"https:\/\/fm98punto7.com.ar\/wp\/wp-json\/wp\/v2\/types\/post"}],"author":[{"embeddable":true,"href":"https:\/\/fm98punto7.com.ar\/wp\/wp-json\/wp\/v2\/users\/2"}],"replies":[{"embeddable":true,"href":"https:\/\/fm98punto7.com.ar\/wp\/wp-json\/wp\/v2\/comments?post=1926"}],"version-history":[{"count":4,"href":"https:\/\/fm98punto7.com.ar\/wp\/wp-json\/wp\/v2\/posts\/1926\/revisions"}],"predecessor-version":[{"id":1932,"href":"https:\/\/fm98punto7.com.ar\/wp\/wp-json\/wp\/v2\/posts\/1926\/revisions\/1932"}],"wp:featuredmedia":[{"embeddable":true,"href":"https:\/\/fm98punto7.com.ar\/wp\/wp-json\/wp\/v2\/media\/1927"}],"wp:attachment":[{"href":"https:\/\/fm98punto7.com.ar\/wp\/wp-json\/wp\/v2\/media?parent=1926"}],"wp:term":[{"taxonomy":"category","embeddable":true,"href":"https:\/\/fm98punto7.com.ar\/wp\/wp-json\/wp\/v2\/categories?post=1926"},{"taxonomy":"post_tag","embeddable":true,"href":"https:\/\/fm98punto7.com.ar\/wp\/wp-json\/wp\/v2\/tags?post=1926"}],"curies":[{"name":"wp","href":"https:\/\/api.w.org\/{rel}","templated":true}]}}