{"id":711,"date":"2024-01-10T18:25:45","date_gmt":"2024-01-10T21:25:45","guid":{"rendered":"https:\/\/fm98punto7.com.ar\/wp\/?p=711"},"modified":"2024-01-11T10:13:45","modified_gmt":"2024-01-11T13:13:45","slug":"recomendamos-las-venas-abiertas-de-america-latina","status":"publish","type":"post","link":"https:\/\/fm98punto7.com.ar\/wp\/2024\/01\/10\/recomendamos-las-venas-abiertas-de-america-latina\/","title":{"rendered":"Recomendamos: Las venas abiertas de Am\u00e9rica Latina."},"content":{"rendered":"<h1 style=\"text-align: center;\">Recomendamos: Las venas abiertas de Am\u00e9rica Latina.<\/h1>\n<p style=\"text-align: justify;\">El libro m\u00e1s conocido de Eduardo Galeano lleg\u00f3 a mis manos all\u00e1 por junio del &#8217;92. Regalo de cumplea\u00f1os de mi querida Cecilia Gaviot.<br \/>\nEn el a\u00f1o 2000 hice el primer Curso de Formaci\u00f3n Pol\u00edtica que se dictaba en la sede del Partido Justicialista de la provincia de Buenos Aires, 49 entre 7 y 8,ciudad de La Plata.<br \/>\nNos junt\u00e1bamos a estudiar en mi casa de 67 y 118 y en alg\u00fan momento alguien me lo pidi\u00f3 prestado&#8230; y lo prest\u00e9.<br \/>\nEn lo que respecta a discos, libros y alguna que otra cosa, la sabidur\u00eda popular dice que hay dos clases de &#8220;Boludos&#8221;, los que prestan y los que devuelven.<br \/>\nTengo un ejemplar en la biblioteca pero ese con la dedicatoria de la &#8220;Chechu&#8221; quien sabe que fin habr\u00e1 tenido.<br \/>\nHoy lo recomendamos ya que nos recuerda que la historia nos une a todos como latinoamericanos. los invitamos a leer y releer este cl\u00e1sico que sobrevivi\u00f3 a la censura de su tiempo para llegar a nosotros con intacta vigencia: Las venas abiertas de Am\u00e9rica Latina.<br \/>\nEs dif\u00edcil leer Las venas abiertas de Am\u00e9rica Latina sin sentir un nudo en la garganta. Conocida por muchos como la \u201cbiblia latinoamericana\u201d, se trata del m\u00e1s conocido libro del genial escritor y periodista uruguayo Eduardo Galeano (1940-2015). Aunque fue publicada en 1971, Las venas abiertas de Am\u00e9rica Latina contin\u00faa siendo un importante referente en las artes y en la identidad cultural de muchos latinoamericanos. Solo para brindar una idea de su alcance, podemos afirmar que ning\u00fan otro ensayo hist\u00f3rico ha inspirado tantas canciones en esta parte del mundo. Y es que no solo es un libro de historia bien escrito. Es la denuncia a\u00fan viva de todo un continente que sufri\u00f3 el saqueo, la opresi\u00f3n y el control de muchas potencias extranjeras a lo largo de su historia. Es una denuncia cuyas evidencias reunidas abarcan casi cuatro siglos.<br \/>\nLas venas abiertas de Am\u00e9rica Latina es la narraci\u00f3n de la historia econ\u00f3mica de Latinoam\u00e9rica y su constante relaci\u00f3n de comercio, explotaci\u00f3n y conspiraci\u00f3n con Estados Unidos y Europa desde las invasiones del siglo XV hasta la \u00e9poca del \u201clibre comercio\u201d del de fines del siglo XX. Como mejor lo dir\u00eda Eduardo Galeano, el libro busca \u201cofrecer una historia del saqueo y a la vez contar c\u00f3mo funcionan los mecanismos del despojo\u201d (p. 17) que hasta ahora sufre nuestro continente. Sin embargo, no se trata solo de un ensayo de investigaci\u00f3n. Si bien hay gran cantidad de referencias a textos de historia, geograf\u00eda y econom\u00eda de Am\u00e9rica y Europa, el libro de Galeano est\u00e1 escrito con un lenguaje muy accesible, directo e, incluso, muy cercano al lector. En varios pasajes el autor uruguayo da muestras de su fina iron\u00eda o tambi\u00e9n ilustra algunos ejemplos con obras literarias (Gabriel Garc\u00eda M\u00e1rquez, Alejo Carpentier, Mario Vargas Llosa, \u00c1lvaro Cepeda Samudio, entre otros). Estos son algunos de los elementos que hicieron del libro de Galeano un libro muy difundido y, por ello, muy peligroso, hasta el punto de ser censurado en muchos pa\u00edses de Latinoam\u00e9rica.<\/p>\n","protected":false},"excerpt":{"rendered":"<p>Recomendamos: Las venas abiertas de Am\u00e9rica Latina. El libro m\u00e1s conocido de Eduardo Galeano lleg\u00f3&hellip;<\/p>\n","protected":false},"author":1,"featured_media":712,"comment_status":"closed","ping_status":"closed","sticky":false,"template":"","format":"standard","meta":{"_uag_custom_page_level_css":"","footnotes":""},"categories":[7],"tags":[],"class_list":["post-711","post","type-post","status-publish","format-standard","has-post-thumbnail","hentry","category-recomendados"],"uagb_featured_image_src":{"full":["https:\/\/fm98punto7.com.ar\/wp\/wp-content\/uploads\/2024\/01\/Recomendados-Las-venas-abiertas.jpg",1501,986,false],"thumbnail":["https:\/\/fm98punto7.com.ar\/wp\/wp-content\/uploads\/2024\/01\/Recomendados-Las-venas-abiertas-150x150.jpg",150,150,true],"medium":["https:\/\/fm98punto7.com.ar\/wp\/wp-content\/uploads\/2024\/01\/Recomendados-Las-venas-abiertas-300x197.jpg",300,197,true],"medium_large":["https:\/\/fm98punto7.com.ar\/wp\/wp-content\/uploads\/2024\/01\/Recomendados-Las-venas-abiertas-768x504.jpg",640,420,true],"large":["https:\/\/fm98punto7.com.ar\/wp\/wp-content\/uploads\/2024\/01\/Recomendados-Las-venas-abiertas-1024x673.jpg",640,421,true],"1536x1536":["https:\/\/fm98punto7.com.ar\/wp\/wp-content\/uploads\/2024\/01\/Recomendados-Las-venas-abiertas.jpg",1501,986,false],"2048x2048":["https:\/\/fm98punto7.com.ar\/wp\/wp-content\/uploads\/2024\/01\/Recomendados-Las-venas-abiertas.jpg",1501,986,false]},"uagb_author_info":{"display_name":"admin","author_link":"https:\/\/fm98punto7.com.ar\/wp\/author\/admin\/"},"uagb_comment_info":0,"uagb_excerpt":"Recomendamos: Las venas abiertas de Am\u00e9rica Latina. El libro m\u00e1s conocido de Eduardo Galeano lleg\u00f3&hellip;","_links":{"self":[{"href":"https:\/\/fm98punto7.com.ar\/wp\/wp-json\/wp\/v2\/posts\/711","targetHints":{"allow":["GET"]}}],"collection":[{"href":"https:\/\/fm98punto7.com.ar\/wp\/wp-json\/wp\/v2\/posts"}],"about":[{"href":"https:\/\/fm98punto7.com.ar\/wp\/wp-json\/wp\/v2\/types\/post"}],"author":[{"embeddable":true,"href":"https:\/\/fm98punto7.com.ar\/wp\/wp-json\/wp\/v2\/users\/1"}],"replies":[{"embeddable":true,"href":"https:\/\/fm98punto7.com.ar\/wp\/wp-json\/wp\/v2\/comments?post=711"}],"version-history":[{"count":2,"href":"https:\/\/fm98punto7.com.ar\/wp\/wp-json\/wp\/v2\/posts\/711\/revisions"}],"predecessor-version":[{"id":737,"href":"https:\/\/fm98punto7.com.ar\/wp\/wp-json\/wp\/v2\/posts\/711\/revisions\/737"}],"wp:featuredmedia":[{"embeddable":true,"href":"https:\/\/fm98punto7.com.ar\/wp\/wp-json\/wp\/v2\/media\/712"}],"wp:attachment":[{"href":"https:\/\/fm98punto7.com.ar\/wp\/wp-json\/wp\/v2\/media?parent=711"}],"wp:term":[{"taxonomy":"category","embeddable":true,"href":"https:\/\/fm98punto7.com.ar\/wp\/wp-json\/wp\/v2\/categories?post=711"},{"taxonomy":"post_tag","embeddable":true,"href":"https:\/\/fm98punto7.com.ar\/wp\/wp-json\/wp\/v2\/tags?post=711"}],"curies":[{"name":"wp","href":"https:\/\/api.w.org\/{rel}","templated":true}]}}