{"id":923,"date":"2024-02-06T20:52:46","date_gmt":"2024-02-06T23:52:46","guid":{"rendered":"https:\/\/fm98punto7.com.ar\/wp\/?p=923"},"modified":"2024-02-06T20:52:46","modified_gmt":"2024-02-06T23:52:46","slug":"recomendamos-guitarra-negra-de-alfredo-zitarrosa","status":"publish","type":"post","link":"https:\/\/fm98punto7.com.ar\/wp\/2024\/02\/06\/recomendamos-guitarra-negra-de-alfredo-zitarrosa\/","title":{"rendered":"Recomendamos: &#8220;Guitarra negra&#8221; de Alfredo Zitarrosa."},"content":{"rendered":"<p>Sin duda alguna uno de los referentes indiscutidos de la m\u00fasica popular uruguaya y de la m\u00fasica latinoamericana.<\/p>\n<p style=\"text-align: justify;\">Guitarra negra es el t\u00edtulo de 3 discos LP del cantautor uruguayo Alfredo Zitarrosa. El primero fue publicado en Espa\u00f1a en 1977 a trav\u00e9s del sello Movieplay,1\u200b el segundo vio la luz en M\u00e9xico, en 1978, y el tercero y \u00faltimo se public\u00f3, simult\u00e1neamente, en Uruguay y Argentina, en 1985. En un lado completo de todos ellos fueron registradas distintas versiones de la obra po\u00e9tica y musical <strong>&#8220;Guitarra negra&#8221;<\/strong>, que les da el nombre.\u200b<br \/>\nCuando grab\u00f3 los dos primeros discos, Zitarrosa hab\u00eda sido expulsado de Uruguay por el gobierno dictatorial y se hab\u00eda tenido que exiliar, sucesivamente, en Argentina, Espa\u00f1a y M\u00e9xico.1\u200b El tercero fue grabado y editado luego de su retorno del exilio.<br \/>\nEl poema <strong>&#8220;Guitarra negra&#8221;<\/strong><br \/>\nC\u00f3mo har\u00e9 para tomarte en mis adentros, guitarra&#8230; C\u00f3mo har\u00e9 para que sientas mi torpe amor, mis ganas de sonarte entera y m\u00eda&#8230; C\u00f3mo se toca tu carne de aire, tu oloroso tacto, tu coraz\u00f3n sin hambre, tu silencio en el puente, tu cuerda quinta, tu bord\u00f3n macho y oscuro, tus parientes cantores, tus tres almas, conversadoras como ni\u00f1as&#8230; C\u00f3mo se puede amarte sin dolor, sin apuro, sin testigos, sin manos que te ofendan&#8230; C\u00f3mo traspasarte mis hombres y mujeres bien queridos, guitarra; mis amores ajenos, mi certeza de amarte como pocos&#8230; C\u00f3mo entregarte todos esos nombres y esa sangre, sin inundar tu coraz\u00f3n de sombras, de temblores y muerte, de ceniza, de soledad y rabia, de silencio, de l\u00e1grimas idiotas&#8230;<\/p>\n","protected":false},"excerpt":{"rendered":"<p>Sin duda alguna uno de los referentes indiscutidos de la m\u00fasica popular uruguaya y de&hellip;<\/p>\n","protected":false},"author":2,"featured_media":924,"comment_status":"closed","ping_status":"closed","sticky":false,"template":"","format":"standard","meta":{"_uag_custom_page_level_css":"","footnotes":""},"categories":[7],"tags":[],"class_list":["post-923","post","type-post","status-publish","format-standard","has-post-thumbnail","hentry","category-recomendados"],"uagb_featured_image_src":{"full":["https:\/\/fm98punto7.com.ar\/wp\/wp-content\/uploads\/2024\/02\/Recomendamos-Guitarra-negra-de-Alfredo-Zitarrosa.jpg",1501,986,false],"thumbnail":["https:\/\/fm98punto7.com.ar\/wp\/wp-content\/uploads\/2024\/02\/Recomendamos-Guitarra-negra-de-Alfredo-Zitarrosa-150x150.jpg",150,150,true],"medium":["https:\/\/fm98punto7.com.ar\/wp\/wp-content\/uploads\/2024\/02\/Recomendamos-Guitarra-negra-de-Alfredo-Zitarrosa-300x197.jpg",300,197,true],"medium_large":["https:\/\/fm98punto7.com.ar\/wp\/wp-content\/uploads\/2024\/02\/Recomendamos-Guitarra-negra-de-Alfredo-Zitarrosa-768x504.jpg",640,420,true],"large":["https:\/\/fm98punto7.com.ar\/wp\/wp-content\/uploads\/2024\/02\/Recomendamos-Guitarra-negra-de-Alfredo-Zitarrosa-1024x673.jpg",640,421,true],"1536x1536":["https:\/\/fm98punto7.com.ar\/wp\/wp-content\/uploads\/2024\/02\/Recomendamos-Guitarra-negra-de-Alfredo-Zitarrosa.jpg",1501,986,false],"2048x2048":["https:\/\/fm98punto7.com.ar\/wp\/wp-content\/uploads\/2024\/02\/Recomendamos-Guitarra-negra-de-Alfredo-Zitarrosa.jpg",1501,986,false]},"uagb_author_info":{"display_name":"Federico Maldonado","author_link":"https:\/\/fm98punto7.com.ar\/wp\/author\/fede\/"},"uagb_comment_info":0,"uagb_excerpt":"Sin duda alguna uno de los referentes indiscutidos de la m\u00fasica popular uruguaya y de&hellip;","_links":{"self":[{"href":"https:\/\/fm98punto7.com.ar\/wp\/wp-json\/wp\/v2\/posts\/923","targetHints":{"allow":["GET"]}}],"collection":[{"href":"https:\/\/fm98punto7.com.ar\/wp\/wp-json\/wp\/v2\/posts"}],"about":[{"href":"https:\/\/fm98punto7.com.ar\/wp\/wp-json\/wp\/v2\/types\/post"}],"author":[{"embeddable":true,"href":"https:\/\/fm98punto7.com.ar\/wp\/wp-json\/wp\/v2\/users\/2"}],"replies":[{"embeddable":true,"href":"https:\/\/fm98punto7.com.ar\/wp\/wp-json\/wp\/v2\/comments?post=923"}],"version-history":[{"count":1,"href":"https:\/\/fm98punto7.com.ar\/wp\/wp-json\/wp\/v2\/posts\/923\/revisions"}],"predecessor-version":[{"id":925,"href":"https:\/\/fm98punto7.com.ar\/wp\/wp-json\/wp\/v2\/posts\/923\/revisions\/925"}],"wp:featuredmedia":[{"embeddable":true,"href":"https:\/\/fm98punto7.com.ar\/wp\/wp-json\/wp\/v2\/media\/924"}],"wp:attachment":[{"href":"https:\/\/fm98punto7.com.ar\/wp\/wp-json\/wp\/v2\/media?parent=923"}],"wp:term":[{"taxonomy":"category","embeddable":true,"href":"https:\/\/fm98punto7.com.ar\/wp\/wp-json\/wp\/v2\/categories?post=923"},{"taxonomy":"post_tag","embeddable":true,"href":"https:\/\/fm98punto7.com.ar\/wp\/wp-json\/wp\/v2\/tags?post=923"}],"curies":[{"name":"wp","href":"https:\/\/api.w.org\/{rel}","templated":true}]}}